{"id":2155,"date":"2023-09-11T09:50:30","date_gmt":"2023-09-11T13:50:30","guid":{"rendered":"https:\/\/eyava.com\/blog\/?p=2155"},"modified":"2023-09-11T09:50:37","modified_gmt":"2023-09-11T13:50:37","slug":"corto-de-presupuesto-para-el-almacenamiento-de-tu-mercancia-en-eyalog-solo-pagas-m3-o-pallets-que-utilices","status":"publish","type":"post","link":"https:\/\/eyava.com\/blog\/index.php\/2023\/09\/11\/corto-de-presupuesto-para-el-almacenamiento-de-tu-mercancia-en-eyalog-solo-pagas-m3-o-pallets-que-utilices\/","title":{"rendered":"\u00bfCorto de presupuesto para el almacenamiento de tu mercanc\u00eda? En EYALOG solo pag\u00e1s m3 o pallets que utilic\u00e9s"},"content":{"rendered":"<pre style=\"text-align: right;\"><strong>Autor: <a href=\"https:\/\/www.linkedin.com\/in\/marisol-vaca-aa17481a8\">Marisol Vaca<\/a><\/strong><\/pre>\n<p><strong>Flexibilidad de costos y m\u00e1xima eficiencia:<\/strong><\/p>\n<p>En <strong><a href=\"http:\/\/www.eyalog.com\/\">EYALOG<\/a><\/strong>, entendemos que cada empresa tiene sus propias necesidades en cuanto a volumen de inventario y demanda, por lo que nuestro sistema de facturaci\u00f3n se ajusta a esta realidad. <strong>Al pagar \u00fanicamente por la cantidad de pallets o metros c\u00fabicos que utilizas<\/strong>, as\u00ed como por las operaciones de entrada y salida de mercanc\u00eda, nuestros clientes tienen un control absoluto sobre sus costos log\u00edsticos. Esto les permite optimizar sus recursos y centrarse en otras \u00e1reas clave de su negocio.<\/p>\n<p><img loading=\"lazy\" decoding=\"async\" class=\"size-medium wp-image-2156 aligncenter\" src=\"https:\/\/eyava.com\/blog\/wp-content\/uploads\/2023\/09\/IMG_0036-300x178.jpg\" alt=\"\" width=\"300\" height=\"178\" \/><\/p>\n<p><strong>Mejora continua:<\/strong><\/p>\n<p>Al aumentar la fluidez de la mercanc\u00eda, las empresas pueden expandirse y atender una mayor demanda, sin preocuparse por los altos costos log\u00edsticos fijos. Al mismo tiempo, incentivamos a nuestros clientes a encontrar oportunidades para reducir los movimientos innecesarios y mejorar la eficiencia, ya que esto tambi\u00e9n se traduce en una factura m\u00e1s baja.<\/p>\n<p><img loading=\"lazy\" decoding=\"async\" class=\"size-medium wp-image-2158 aligncenter\" src=\"https:\/\/eyava.com\/blog\/wp-content\/uploads\/2023\/09\/almacen-eyalog-300x201.jpg\" alt=\"\" width=\"300\" height=\"201\" \/><\/p>\n<p><strong>La elecci\u00f3n inteligente para una gesti\u00f3n log\u00edstica eficaz:<\/strong><\/p>\n<p><a href=\"http:\/\/www.eyalog.com\/\"><strong>EYALOG<\/strong><\/a> ofrece a las empresas una propuesta inigualable en la industria log\u00edstica: pagar solo por lo que realmente utilizan. Ya sea una empresa que necesita almacenar y controlar sus productos o un experto en el campo, <a href=\"http:\/\/www.eyalog.com\/\">EYALOG<\/a> se posiciona como la elecci\u00f3n inteligente para una gesti\u00f3n log\u00edstica eficaz y rentable.<\/p>\n<p><img loading=\"lazy\" decoding=\"async\" class=\"size-medium wp-image-2157 aligncenter\" src=\"https:\/\/eyava.com\/blog\/wp-content\/uploads\/2023\/09\/IMG_0079-300x213.jpg\" alt=\"\" width=\"300\" height=\"213\" \/><\/p>\n<p><strong>Nuestros clientes nos respaldan:<\/strong><\/p>\n<blockquote><p><em>\u00abPasamos de tener un espacio de alquiler fijo en el que utiliz\u00e1bamos en promedio el 70%, a trabajar con EYALOG, donde pagamos por el espacio exacto que utilizamos\u00bb<\/em>, coment\u00f3 Juan Salces, Gerente Administrativo de Premium Brands.<\/p><\/blockquote>\n<p>Descubre c\u00f3mo podemos impulsar el crecimiento de tu negocio y llevarte hacia el \u00e9xito en la gesti\u00f3n log\u00edstica. \u00a1Cont\u00e1ctanos hoy mismo a trav\u00e9s de <a href=\"http:\/\/www.eyalog.com\/\" target=\"_new\" rel=\"noopener\">www.eyalog.com<\/a>! \u00d3 al 77395535.<\/p>\n<p>Tenemos almacenes en Santa Cruz y La Paz.<\/p>\n","protected":false},"excerpt":{"rendered":"<p>Autor: Marisol Vaca Flexibilidad de costos y m\u00e1xima eficiencia: En EYALOG, entendemos que cada empresa tiene sus propias necesidades en cuanto a volumen de inventario y demanda, por lo que nuestro sistema de facturaci\u00f3n se ajusta a esta realidad. Al pagar \u00fanicamente por la cantidad de pallets o metros c\u00fabicos que utilizas, as\u00ed como por [&hellip;]<\/p>\n","protected":false},"author":3,"featured_media":2157,"comment_status":"open","ping_status":"open","sticky":false,"template":"","format":"standard","meta":{"_et_pb_use_builder":"","_et_pb_old_content":"","_et_gb_content_width":"","footnotes":""},"categories":[601,18],"tags":[617,605,641,170,603,642,92,643,644,27,237,173,172],"class_list":["post-2155","post","type-post","status-publish","format-standard","has-post-thumbnail","hentry","category-eyalog","category-eyava-linkedin","tag-almacenamiento-de-productos","tag-control-de-inventario","tag-control-de-mercaderia","tag-eyalog","tag-gestion-de-almacenes","tag-la-paz","tag-logistica","tag-oracle","tag-owms","tag-productos","tag-santa-cruz","tag-warehouse-management-system","tag-wms"],"aioseo_notices":[],"_links":{"self":[{"href":"https:\/\/eyava.com\/blog\/index.php\/wp-json\/wp\/v2\/posts\/2155","targetHints":{"allow":["GET"]}}],"collection":[{"href":"https:\/\/eyava.com\/blog\/index.php\/wp-json\/wp\/v2\/posts"}],"about":[{"href":"https:\/\/eyava.com\/blog\/index.php\/wp-json\/wp\/v2\/types\/post"}],"author":[{"embeddable":true,"href":"https:\/\/eyava.com\/blog\/index.php\/wp-json\/wp\/v2\/users\/3"}],"replies":[{"embeddable":true,"href":"https:\/\/eyava.com\/blog\/index.php\/wp-json\/wp\/v2\/comments?post=2155"}],"version-history":[{"count":1,"href":"https:\/\/eyava.com\/blog\/index.php\/wp-json\/wp\/v2\/posts\/2155\/revisions"}],"predecessor-version":[{"id":2159,"href":"https:\/\/eyava.com\/blog\/index.php\/wp-json\/wp\/v2\/posts\/2155\/revisions\/2159"}],"wp:featuredmedia":[{"embeddable":true,"href":"https:\/\/eyava.com\/blog\/index.php\/wp-json\/wp\/v2\/media\/2157"}],"wp:attachment":[{"href":"https:\/\/eyava.com\/blog\/index.php\/wp-json\/wp\/v2\/media?parent=2155"}],"wp:term":[{"taxonomy":"category","embeddable":true,"href":"https:\/\/eyava.com\/blog\/index.php\/wp-json\/wp\/v2\/categories?post=2155"},{"taxonomy":"post_tag","embeddable":true,"href":"https:\/\/eyava.com\/blog\/index.php\/wp-json\/wp\/v2\/tags?post=2155"}],"curies":[{"name":"wp","href":"https:\/\/api.w.org\/{rel}","templated":true}]}}